{"id":4085,"date":"2025-10-24T08:34:45","date_gmt":"2025-10-24T07:34:45","guid":{"rendered":"http:\/\/www.asthoncargo.es\/web\/?p=4085"},"modified":"2025-10-24T08:34:45","modified_gmt":"2025-10-24T07:34:45","slug":"el-comercio-global-crecera-en-2025-a-pesar-de-las-tensiones-internacionales","status":"publish","type":"post","link":"http:\/\/www.asthoncargo.es\/web\/2025\/10\/24\/el-comercio-global-crecera-en-2025-a-pesar-de-las-tensiones-internacionales\/","title":{"rendered":"El comercio global crecer\u00e1 en 2025 a pesar de las tensiones internacionales"},"content":{"rendered":"<p><a href=\"http:\/\/www.asthoncargo.es\/web\/wp-content\/uploads\/2025\/10\/noticia-asthon-cargo-3.jpg\"><img loading=\"lazy\" class=\"alignnone size-full wp-image-4081\" src=\"http:\/\/www.asthoncargo.es\/web\/wp-content\/uploads\/2025\/10\/noticia-asthon-cargo-3.jpg\" alt=\"\" width=\"1400\" height=\"784\" srcset=\"http:\/\/www.asthoncargo.es\/web\/wp-content\/uploads\/2025\/10\/noticia-asthon-cargo-3.jpg 1400w, http:\/\/www.asthoncargo.es\/web\/wp-content\/uploads\/2025\/10\/noticia-asthon-cargo-3-300x168.jpg 300w, http:\/\/www.asthoncargo.es\/web\/wp-content\/uploads\/2025\/10\/noticia-asthon-cargo-3-1024x573.jpg 1024w, http:\/\/www.asthoncargo.es\/web\/wp-content\/uploads\/2025\/10\/noticia-asthon-cargo-3-768x430.jpg 768w\" sizes=\"(max-width: 1400px) 100vw, 1400px\" \/><\/a><\/p>\n<p>El comercio mundial de mercanc\u00edas super\u00f3 las expectativas en el primer semestre de 2025, impulsado por el aumento del gasto en productos relacionados con la IA, un incremento de las importaciones de Am\u00e9rica del Norte como anticipaci\u00f3n a las subidas arancelarias y un creciente comercio el resto de los mercados del mundo al margen de Estados Unidos.<\/p>\n<p>Como respuesta a estas tendencias, la Organizaci\u00f3n Mundial del Comercio ha mejorado su previsi\u00f3n de crecimiento del comercio de mercanc\u00edas de 2025 al 2,4% (frente al 0,9% en agosto). Sin embargo, la proyecci\u00f3n para 2026 se ha reducido al 0,5% (frente al 1,8%). Se prev\u00e9 que el crecimiento de las exportaciones mundiales de servicios se reduzca del 6,8% en 2024 al 4,6% en 2025 y al 4,4% en 2026.<\/p>\n<p>La revisi\u00f3n al alza realizada por la OMC para este a\u00f1o 2025 se explica con la acumulaci\u00f3n de inventarios y el comercio de bienes relacionados con la inteligencia artificial, como semiconductores, servidores y equipos de telecomunicaciones. Sin embargo, el organismo se\u00f1ala que el crecimiento del comercio probablemente se desacelerar\u00e1 en 2026 a medida que se hagan sentir los efectos de la desaceleraci\u00f3n de la econom\u00eda mundial y los nuevos aranceles.<\/p>\n<p>El volumen del comercio mundial de mercanc\u00edas, medido por el promedio de exportaciones e importaciones, creci\u00f3 un 4,9 % interanual en el primer semestre de 2025. El valor del comercio mundial de mercanc\u00edas en d\u00f3lares estadounidenses corrientes aument\u00f3 un 6 % interanual en el primer semestre de 2025, tras un aumento del 2 % en 2024.<\/p>\n<p>Los motores del crecimiento del comercio en el primer semestre incluyeron la concentraci\u00f3n anticipada de las importaciones en Am\u00e9rica del Norte y condiciones macroecon\u00f3micas favorables, como la desinflaci\u00f3n, pol\u00edticas fiscales favorables y un s\u00f3lido crecimiento en los mercados emergentes.<\/p>\n<p>Los bienes relacionados con la IA, como semiconductores, servidores y equipos de telecomunicaciones, impulsaron casi la mitad de la expansi\u00f3n comercial general en el primer semestre del a\u00f1o, con un aumento interanual del 20 % en valor. El crecimiento del comercio abarc\u00f3 toda la cadena de valor digital, desde el silicio en bruto y los gases especiales hasta los dispositivos que impulsan las plataformas en la nube y las aplicaciones de IA.<\/p>\n<p>La OMC prev\u00e9 que el aumento de los aranceles y la elevada incertidumbre en torno a las pol\u00edticas comerciales reduzcan algunos de los efectos de la concentraci\u00f3n anticipada de los productos. El aumento de los precios de los insumos y la desaceleraci\u00f3n de los env\u00edos comerciales sugieren que la inflaci\u00f3n podr\u00eda aumentar a finales de 2025 a medida que se reducen los inventarios en los sectores altamente expuestos y afectados por aranceles.<\/p>\n<p>Si bien el pron\u00f3stico del comercio de mercanc\u00edas para 2025 se ha revisado al alza con respecto a las proyecciones de abril y agosto, la revisi\u00f3n a la baja para 2026 resulta en un impacto general similar en el horizonte de dos a\u00f1os. Esto indica que el impacto arancelario se ha trasladado a 2026, y la ligera mejora refleja que la acumulaci\u00f3n de inventarios a principios de 2025, en particular de bienes duraderos, no se revertir\u00e1 por completo en 2026.<\/p>\n<p>Fuente:\u00a0<a href=\"https:\/\/www.diariodelpuerto.com\/\" target=\"_blank\" rel=\"noopener noreferrer\">Diario del Puerto<\/a><\/p>\n","protected":false},"excerpt":{"rendered":"<p>El comercio mundial de mercanc\u00edas super\u00f3 las expectativas en el primer semestre de 2025, impulsado por el aumento del gasto en productos relacionados con la IA, un incremento de las importaciones de Am\u00e9rica del Norte como anticipaci\u00f3n a las subidas arancelarias y un creciente comercio el resto de los mercados del mundo al margen de [&hellip;]<\/p>\n","protected":false},"author":2,"featured_media":4081,"comment_status":"open","ping_status":"open","sticky":false,"template":"","format":"standard","meta":[],"categories":[26],"tags":[],"_links":{"self":[{"href":"http:\/\/www.asthoncargo.es\/web\/wp-json\/wp\/v2\/posts\/4085"}],"collection":[{"href":"http:\/\/www.asthoncargo.es\/web\/wp-json\/wp\/v2\/posts"}],"about":[{"href":"http:\/\/www.asthoncargo.es\/web\/wp-json\/wp\/v2\/types\/post"}],"author":[{"embeddable":true,"href":"http:\/\/www.asthoncargo.es\/web\/wp-json\/wp\/v2\/users\/2"}],"replies":[{"embeddable":true,"href":"http:\/\/www.asthoncargo.es\/web\/wp-json\/wp\/v2\/comments?post=4085"}],"version-history":[{"count":4,"href":"http:\/\/www.asthoncargo.es\/web\/wp-json\/wp\/v2\/posts\/4085\/revisions"}],"predecessor-version":[{"id":4090,"href":"http:\/\/www.asthoncargo.es\/web\/wp-json\/wp\/v2\/posts\/4085\/revisions\/4090"}],"wp:featuredmedia":[{"embeddable":true,"href":"http:\/\/www.asthoncargo.es\/web\/wp-json\/wp\/v2\/media\/4081"}],"wp:attachment":[{"href":"http:\/\/www.asthoncargo.es\/web\/wp-json\/wp\/v2\/media?parent=4085"}],"wp:term":[{"taxonomy":"category","embeddable":true,"href":"http:\/\/www.asthoncargo.es\/web\/wp-json\/wp\/v2\/categories?post=4085"},{"taxonomy":"post_tag","embeddable":true,"href":"http:\/\/www.asthoncargo.es\/web\/wp-json\/wp\/v2\/tags?post=4085"}],"curies":[{"name":"wp","href":"https:\/\/api.w.org\/{rel}","templated":true}]}}